{"id":156,"date":"2025-11-23T15:42:07","date_gmt":"2025-11-23T14:42:07","guid":{"rendered":"https:\/\/loicnomadtravel.blog\/?p=156"},"modified":"2025-11-30T19:33:02","modified_gmt":"2025-11-30T18:33:02","slug":"le-palais-au-toit-de-cuivre-le-tresor-meconnu-de-varsovie","status":"publish","type":"post","link":"https:\/\/loicnomadtravel.blog\/en\/2025\/11\/23\/le-palais-au-toit-de-cuivre-le-tresor-meconnu-de-varsovie\/","title":{"rendered":"The Copper-Roof Palace: Warsaw's Hidden Treasure"},"content":{"rendered":"<p class=\"wp-block-paragraph translation-block\">While everyone knows the imposing Royal Castle in Warsaw, few visitors take the time to walk down a few steps to discover its immediate neighbor: the <strong>Copper-Roof Palace<\/strong> (<em>Pa\u0142ac Pod Blach\u0105<\/em>). Yet, this residence holds a fascinating history and interiors of rare elegance.<\/p>\n\n\n\n<p class=\"wp-block-paragraph\">In this article, I take you to discover this Baroque jewel and explain why it is absolutely worth the detour during your stay in Poland.<\/p>\n\n\n\n<hr class=\"wp-block-separator has-alpha-channel-opacity\"\/>\n\n\n\n<figure class=\"wp-block-embed is-type-video is-provider-youtube wp-block-embed-youtube wp-embed-aspect-16-9 wp-has-aspect-ratio\"><div class=\"wp-block-embed__wrapper\">\n<span class=\"embed-youtube\" style=\"text-align:center; display: block;\"><iframe loading=\"lazy\" class=\"youtube-player\" width=\"640\" height=\"360\" src=\"https:\/\/www.youtube.com\/embed\/PCEeTorM0jI?version=3&#038;rel=1&#038;showsearch=0&#038;showinfo=1&#038;iv_load_policy=1&#038;fs=1&#038;hl=en-GB&#038;autohide=2&#038;wmode=transparent\" allowfullscreen=\"true\" style=\"border:0;\" sandbox=\"allow-scripts allow-same-origin allow-popups allow-presentation allow-popups-to-escape-sandbox\"><\/iframe><\/span>\n<\/div><\/figure>\n\n\n\n<hr class=\"wp-block-separator has-alpha-channel-opacity\"\/>\n\n\n\n<h2 class=\"wp-block-heading\">\ud83c\udfdb\ufe0f What is this building?<\/h2>\n\n\n\n<p class=\"wp-block-paragraph translation-block\">The Copper-Roof Palace (in Polish: Pa\u0142ac Pod Blach\u0105) is a remarkable Baroque palace. Initially, it was erected at the end of the 17th century, but its current fame is mainly linked to its location. Indeed, it is situated right in the heart of Warsaw, just at the foot of the Royal Castle, near Castle Square.<\/p>\n\n\n\n<p class=\"wp-block-paragraph translation-block\">However, it is its appearance that earned it its unique and striking name. It is famous for two reasons:<\/p>\n\n\n\n<ul class=\"wp-block-list\">\n<li class=\"translation-block\">Its Distinctive Roof: The palace gets its name from its verdigris roof, entirely covered with copper sheets. Importantly, the use of copper was a rarity and an ostentatious sign of wealth in the first half of the 18th century.<\/li>\n<\/ul>\n\n\n\n<ul class=\"wp-block-list\">\n<li class=\"translation-block\">Its Illustrious Resident: Above all, it served as the main residence for Prince J\u00f3zef Poniatowski, nephew of the last King of Poland, Stanis\u0142aw August Poniatowski. Consequently, this key figure (general and Marshal of France under Napoleon) made the palace a center of high society life in Warsaw.<\/li>\n<\/ul>\n\n\n\n<p class=\"wp-block-paragraph translation-block\">Today, it is not an independent building, but rather an annex of the Royal Castle Museum in Warsaw. Currently, it notably exhibits the restored apartments of Prince Poniatowski, as well as collections of old books and oriental rugs.<\/p>\n\n\n\n<hr class=\"wp-block-separator has-alpha-channel-opacity\"\/>\n\n\n\n<h2 class=\"wp-block-heading\">\ud83d\udcdc Un peu d&#8217;histoire<\/h2>\n\n\n\n<p class=\"wp-block-paragraph translation-block\">Originally built for the Lubomirski family, the palace changed hands several times before being bought in 1777 by the last King of Poland, <strong>Stanis\u0142aw August Poniatowski<\/strong>.<\/p>\n\n\n\n<p class=\"wp-block-paragraph\">Le roi ne l&#8217;a pas achet\u00e9 pour lui-m\u00eame, mais pour son neveu. C&#8217;est \u00e0 cette \u00e9poque que le palais a connu son &#8220;\u00c2ge d&#8217;Or&#8221;. Il est devenu un centre de la vie mondaine varsovienne, rivalisant parfois m\u00eame avec la cour du Roi situ\u00e9e juste au-dessus. On y a aussi install\u00e9, \u00e0 une certaine \u00e9poque, une loge ma\u00e7onnique, ajoutant une touche de myst\u00e8re \u00e0 ses murs.<\/p>\n\n\n\n<hr class=\"wp-block-separator has-alpha-channel-opacity\"\/>\n\n\n\n<h2 class=\"wp-block-heading\">\ud83e\udd34 Who lived here? Prince P\u00e9p\u00e9!<\/h2>\n\n\n\n<figure class=\"wp-block-image aligncenter size-large is-resized\"><img data-recalc-dims=\"1\" loading=\"lazy\" decoding=\"async\" width=\"575\" height=\"1024\" data-attachment-id=\"161\" data-permalink=\"https:\/\/loicnomadtravel.blog\/en\/2025\/11\/23\/le-palais-au-toit-de-cuivre-le-tresor-meconnu-de-varsovie\/p1090202\/\" data-orig-file=\"https:\/\/i0.wp.com\/loicnomadtravel.blog\/wp-content\/uploads\/2025\/11\/P1090202-rotated.jpg?fit=2248%2C4000&amp;ssl=1\" data-orig-size=\"2248,4000\" data-comments-opened=\"1\" data-image-meta=\"{&quot;aperture&quot;:&quot;2.8&quot;,&quot;credit&quot;:&quot;&quot;,&quot;camera&quot;:&quot;DMC-FZ300&quot;,&quot;caption&quot;:&quot;&quot;,&quot;created_timestamp&quot;:&quot;1757769322&quot;,&quot;copyright&quot;:&quot;&quot;,&quot;focal_length&quot;:&quot;4.5&quot;,&quot;iso&quot;:&quot;2000&quot;,&quot;shutter_speed&quot;:&quot;0.016666666666667&quot;,&quot;title&quot;:&quot;&quot;,&quot;orientation&quot;:&quot;1&quot;}\" data-image-title=\"P1090202\" data-image-description=\"\" data-image-caption=\"\" data-large-file=\"https:\/\/i0.wp.com\/loicnomadtravel.blog\/wp-content\/uploads\/2025\/11\/P1090202-rotated.jpg?fit=575%2C1024&amp;ssl=1\" src=\"https:\/\/i0.wp.com\/loicnomadtravel.blog\/wp-content\/uploads\/2025\/11\/P1090202.jpg?resize=575%2C1024&#038;ssl=1\" alt=\"\" class=\"wp-image-161\" style=\"aspect-ratio:0.5620758483033932;width:197px;height:auto\" srcset=\"https:\/\/i0.wp.com\/loicnomadtravel.blog\/wp-content\/uploads\/2025\/11\/P1090202-rotated.jpg?resize=575%2C1024&amp;ssl=1 575w, https:\/\/i0.wp.com\/loicnomadtravel.blog\/wp-content\/uploads\/2025\/11\/P1090202-rotated.jpg?resize=169%2C300&amp;ssl=1 169w, https:\/\/i0.wp.com\/loicnomadtravel.blog\/wp-content\/uploads\/2025\/11\/P1090202-rotated.jpg?resize=768%2C1367&amp;ssl=1 768w, https:\/\/i0.wp.com\/loicnomadtravel.blog\/wp-content\/uploads\/2025\/11\/P1090202-rotated.jpg?resize=863%2C1536&amp;ssl=1 863w, https:\/\/i0.wp.com\/loicnomadtravel.blog\/wp-content\/uploads\/2025\/11\/P1090202-rotated.jpg?resize=1151%2C2048&amp;ssl=1 1151w, https:\/\/i0.wp.com\/loicnomadtravel.blog\/wp-content\/uploads\/2025\/11\/P1090202-rotated.jpg?resize=7%2C12&amp;ssl=1 7w, https:\/\/i0.wp.com\/loicnomadtravel.blog\/wp-content\/uploads\/2025\/11\/P1090202-rotated.jpg?resize=1320%2C2349&amp;ssl=1 1320w, https:\/\/i0.wp.com\/loicnomadtravel.blog\/wp-content\/uploads\/2025\/11\/P1090202-rotated.jpg?w=2000&amp;ssl=1 2000w\" sizes=\"auto, (max-width: 575px) 100vw, 575px\" \/><\/figure>\n\n\n\n<p class=\"wp-block-paragraph\">L&#8217;habitant le plus c\u00e9l\u00e8bre du palais est sans aucun doute le <strong>Prince J\u00f3zef Poniatowski<\/strong> (surnomm\u00e9 &#8220;Le Prince P\u00e9p\u00e9&#8221; par ses troupes).<\/p>\n\n\n\n<p class=\"wp-block-paragraph\">Personnage haut en couleur, h\u00e9ros national, g\u00e9n\u00e9ral et Mar\u00e9chal d&#8217;Empire sous Napol\u00e9on, le Prince Poniatowski a fait de ce palais un lieu de f\u00eates l\u00e9gendaires et de rencontres intellectuelles. Les appartements que l&#8217;on visite aujourd&#8217;hui reconstituent l&#8217;atmosph\u00e8re de cette \u00e9poque (d\u00e9but du XIXe si\u00e8cle). Vous y verrez :<\/p>\n\n\n\n<ul class=\"wp-block-list\">\n<li>Lavish reception rooms.<\/li>\n\n\n\n<li>Rooms decorated with exquisite taste.<\/li>\n\n\n\n<li>Military memorabilia attesting to the Prince's bravery.<\/li>\n<\/ul>\n\n\n\n<p class=\"wp-block-paragraph\">C&#8217;est ici que battait le c\u0153ur de la &#8220;jeunesse dor\u00e9e&#8221; de Varsovie avant les grands soul\u00e8vements nationaux.<\/p>\n\n\n\n<hr class=\"wp-block-separator has-alpha-channel-opacity\"\/>\n\n\n\n<h2 class=\"wp-block-heading\">\ud83d\udd25 And during the war?<\/h2>\n\n\n\n<p class=\"wp-block-paragraph\">Comme la quasi-totalit\u00e9 de la Vieille Ville de Varsovie, le Palais au Toit de Cuivre n&#8217;a pas \u00e9t\u00e9 \u00e9pargn\u00e9 par la trag\u00e9die de la Seconde Guerre mondiale.<\/p>\n\n\n\n<p class=\"wp-block-paragraph\">En 1944, lors de l&#8217;Insurrection de Varsovie, le palais a \u00e9t\u00e9 bombard\u00e9 et incendi\u00e9. La structure a \u00e9t\u00e9 gravement endommag\u00e9e et une grande partie des d\u00e9cors int\u00e9rieurs d&#8217;origine a \u00e9t\u00e9 perdue dans les flammes. Ce fut une perte immense pour le patrimoine polonais.<\/p>\n\n\n\n<hr class=\"wp-block-separator has-alpha-channel-opacity\"\/>\n\n\n\n<h2 class=\"wp-block-heading\">\ud83c\udfd7\ufe0f La reconstruction et le renouveau de Varsovie<\/h2>\n\n\n\n<p class=\"wp-block-paragraph translation-block\">Fortunately, history does not end there. The reconstruction of the palace began very quickly after the war, between <strong>1948 and 1949<\/strong>. The architects relied on paintings (notably those by Canaletto) and archival documents to restore its 18th-century appearance.<\/p>\n\n\n\n<p class=\"wp-block-paragraph translation-block\">Today, the palace is part of the Royal Castle Museum. In addition to Prince Poniatowski's apartments, it houses an absolutely unique collection: <strong>the Teresa Sahakian Foundation's collection of oriental rugs<\/strong>.<\/p>\n\n\n\n<p class=\"wp-block-paragraph\">C&#8217;est l&#8217;une des plus importantes collections de ce type en Europe. Vous y admirerez des tapis persans, turcs et caucasiens d&#8217;une finesse incroyable, rappelant les liens commerciaux et culturels anciens entre la Pologne et l&#8217;Orient.<\/p>\n\n\n\n<hr class=\"wp-block-separator has-alpha-channel-opacity\"\/>\n\n\n\n<iframe loading=\"lazy\" src=\"https:\/\/public.joomeo.com\/albums\/69231bfb99723\/slideshow?sls_ap=1&#038;sls_ac=1&#038;sls_dbp=3&#038;sls_afs=1&#038;iframe=1\" scrolling=\"no\" frameborder=\"0\" width=\"100%\" height=\"333\" allowfullscreen><\/iframe>\n\n\n\n<hr class=\"wp-block-separator has-alpha-channel-opacity\"\/>\n\n\n\n<h2 class=\"wp-block-heading\">\u2139\ufe0f Practical information for your visit<\/h2>\n\n\n\n<p class=\"wp-block-paragraph\">Vous \u00eates convaincu ? Voici ce qu&#8217;il faut savoir pour pr\u00e9parer votre visite :<\/p>\n\n\n\n<ul class=\"wp-block-list\">\n<li class=\"translation-block\"><strong>\ud83d\udccd Address:<\/strong> Plac Zamkowy 4 (Castle Square), Warsaw. The entrance is usually found by going down the right side of the Royal Castle.<\/li>\n\n\n\n<li class=\"translation-block\"><strong>\ud83c\udfab Tickets:<\/strong> It is often possible to buy a combined ticket with the Royal Castle, but you can also buy a ticket just for the Palace (often cheaper and less queuing!).<\/li>\n\n\n\n<li><strong>\ud83d\udd52 Temps de visite :<\/strong> Comptez environ 45 minutes \u00e0 1 heure pour une visite tranquille.<\/li>\n\n\n\n<li class=\"translation-block\"><strong>\ud83d\udca1 Tip:<\/strong> Check for free admission days! Often, Warsaw's royal museums offer one free entry day during the week (often Wednesday, but this changes seasonally).<\/li>\n<\/ul>\n\n\n\n<h2 class=\"wp-block-heading\">Similar articles you may like<\/h2>","protected":false},"excerpt":{"rendered":"<p>Si tout le monde conna\u00eet l&#8217;imposant Ch\u00e2teau Royal de Varsovie, peu de visiteurs prennent le temps de descendre quelques marches pour d\u00e9couvrir son voisin imm\u00e9diat : le Palais au Toit de Cuivre (Pa\u0142ac Pod Blach\u0105). Pourtant, cette r\u00e9sidence rec\u00e8le une histoire fascinante et des int\u00e9rieurs d&#8217;une rare \u00e9l\u00e9gance. Dans cet article, je vous emm\u00e8ne d\u00e9couvrir [&hellip;]<\/p>\n","protected":false},"author":274133054,"featured_media":167,"comment_status":"open","ping_status":"open","sticky":false,"template":"","format":"standard","meta":{"googlesitekit_rrm_CAowlbXDDA:productID":"","_crdt_document":"","advgb_blocks_editor_width":"","advgb_blocks_columns_visual_guide":"","_jetpack_newsletter_access":"","_jetpack_dont_email_post_to_subs":false,"_jetpack_newsletter_tier_id":0,"_jetpack_memberships_contains_paywalled_content":false,"_jetpack_memberships_contains_paid_content":false,"footnotes":"","jetpack_publicize_message":"","jetpack_publicize_feature_enabled":true,"jetpack_social_post_already_shared":false,"jetpack_social_options":{"image_generator_settings":{"template":"highway","default_image_id":0,"font":"","enabled":false},"version":2},"jetpack_post_was_ever_published":false},"categories":[1411],"tags":[],"class_list":["post-156","post","type-post","status-publish","format-standard","has-post-thumbnail","hentry","category-varsovie"],"yoast_head":"<!-- This site is optimized with the Yoast SEO plugin v27.5 - https:\/\/yoast.com\/product\/yoast-seo-wordpress\/ -->\n<title>Le Palais au Toit de Cuivre : Le tr\u00e9sor m\u00e9connu de Varsovie - Les Carnets de Loic<\/title>\n<meta name=\"description\" content=\"Le Palais au Toit de Cuivre : Le tr\u00e9sor m\u00e9connu de Varsovie - Si tout le monde conna\u00eet l&#039;imposant Ch\u00e2teau Royal de Varsovie, peu de visiteurs prennent le temps de descendre quelques marches pour d\u00e9couvrir son voisin imm\u00e9diat\" \/>\n<meta name=\"robots\" content=\"index, follow, max-snippet:-1, max-image-preview:large, max-video-preview:-1\" \/>\n<link rel=\"canonical\" href=\"https:\/\/loicnomadtravel.blog\/en\/2025\/11\/23\/le-palais-au-toit-de-cuivre-le-tresor-meconnu-de-varsovie\/\" \/>\n<meta property=\"og:locale\" content=\"en_GB\" \/>\n<meta property=\"og:type\" content=\"article\" \/>\n<meta property=\"og:title\" content=\"Le Palais au Toit de Cuivre : Le tr\u00e9sor m\u00e9connu de Varsovie - Les Carnets de Loic\" \/>\n<meta property=\"og:description\" content=\"Le Palais au Toit de Cuivre : Le tr\u00e9sor m\u00e9connu de Varsovie - Si tout le monde conna\u00eet l&#039;imposant Ch\u00e2teau Royal de Varsovie, peu de visiteurs prennent le temps de descendre quelques marches pour d\u00e9couvrir son voisin imm\u00e9diat\" \/>\n<meta property=\"og:url\" content=\"https:\/\/loicnomadtravel.blog\/en\/2025\/11\/23\/le-palais-au-toit-de-cuivre-le-tresor-meconnu-de-varsovie\/\" \/>\n<meta property=\"og:site_name\" content=\"Les Carnets de Loic\" \/>\n<meta property=\"article:published_time\" content=\"2025-11-23T14:42:07+00:00\" \/>\n<meta property=\"article:modified_time\" content=\"2025-11-30T18:33:02+00:00\" \/>\n<meta property=\"og:image\" content=\"https:\/\/loicnomadtravel.blog\/wp-content\/uploads\/2025\/11\/P1090231-1024x575.jpg\" \/>\n\t<meta property=\"og:image:width\" content=\"1024\" \/>\n\t<meta property=\"og:image:height\" content=\"575\" \/>\n\t<meta property=\"og:image:type\" content=\"image\/jpeg\" \/>\n<meta name=\"author\" content=\"loic renoud-grappin\" \/>\n<meta name=\"twitter:card\" content=\"summary_large_image\" \/>\n<meta name=\"twitter:label1\" content=\"Written by\" \/>\n\t<meta name=\"twitter:data1\" content=\"loic renoud-grappin\" \/>\n\t<meta name=\"twitter:label2\" content=\"Estimated reading time\" \/>\n\t<meta name=\"twitter:data2\" content=\"5 minutes\" \/>\n<script type=\"application\/ld+json\" class=\"yoast-schema-graph\">{\"@context\":\"https:\\\/\\\/schema.org\",\"@graph\":[{\"@type\":\"Article\",\"@id\":\"https:\\\/\\\/loicnomadtravel.blog\\\/2025\\\/11\\\/23\\\/le-palais-au-toit-de-cuivre-le-tresor-meconnu-de-varsovie\\\/#article\",\"isPartOf\":{\"@id\":\"https:\\\/\\\/loicnomadtravel.blog\\\/2025\\\/11\\\/23\\\/le-palais-au-toit-de-cuivre-le-tresor-meconnu-de-varsovie\\\/\"},\"author\":{\"name\":\"loic renoud-grappin\",\"@id\":\"https:\\\/\\\/loicnomadtravel.blog\\\/#\\\/schema\\\/person\\\/68cda4afdea5408f102eceaaf524e7c5\"},\"headline\":\"Le Palais au Toit de Cuivre : Le tr\u00e9sor m\u00e9connu de Varsovie\",\"datePublished\":\"2025-11-23T14:42:07+00:00\",\"dateModified\":\"2025-11-30T18:33:02+00:00\",\"mainEntityOfPage\":{\"@id\":\"https:\\\/\\\/loicnomadtravel.blog\\\/2025\\\/11\\\/23\\\/le-palais-au-toit-de-cuivre-le-tresor-meconnu-de-varsovie\\\/\"},\"wordCount\":939,\"commentCount\":0,\"publisher\":{\"@id\":\"https:\\\/\\\/loicnomadtravel.blog\\\/#\\\/schema\\\/person\\\/68cda4afdea5408f102eceaaf524e7c5\"},\"image\":{\"@id\":\"https:\\\/\\\/loicnomadtravel.blog\\\/2025\\\/11\\\/23\\\/le-palais-au-toit-de-cuivre-le-tresor-meconnu-de-varsovie\\\/#primaryimage\"},\"thumbnailUrl\":\"https:\\\/\\\/i0.wp.com\\\/loicnomadtravel.blog\\\/wp-content\\\/uploads\\\/2025\\\/11\\\/P1090231-e1764667732230.jpg?fit=1920%2C1079&ssl=1\",\"articleSection\":[\"Varsovie\"],\"inLanguage\":\"en-GB\",\"potentialAction\":[{\"@type\":\"CommentAction\",\"name\":\"Comment\",\"target\":[\"https:\\\/\\\/loicnomadtravel.blog\\\/2025\\\/11\\\/23\\\/le-palais-au-toit-de-cuivre-le-tresor-meconnu-de-varsovie\\\/#respond\"]}]},{\"@type\":\"WebPage\",\"@id\":\"https:\\\/\\\/loicnomadtravel.blog\\\/2025\\\/11\\\/23\\\/le-palais-au-toit-de-cuivre-le-tresor-meconnu-de-varsovie\\\/\",\"url\":\"https:\\\/\\\/loicnomadtravel.blog\\\/2025\\\/11\\\/23\\\/le-palais-au-toit-de-cuivre-le-tresor-meconnu-de-varsovie\\\/\",\"name\":\"Le Palais au Toit de Cuivre : Le tr\u00e9sor m\u00e9connu de Varsovie - Les Carnets de Loic\",\"isPartOf\":{\"@id\":\"https:\\\/\\\/loicnomadtravel.blog\\\/#website\"},\"primaryImageOfPage\":{\"@id\":\"https:\\\/\\\/loicnomadtravel.blog\\\/2025\\\/11\\\/23\\\/le-palais-au-toit-de-cuivre-le-tresor-meconnu-de-varsovie\\\/#primaryimage\"},\"image\":{\"@id\":\"https:\\\/\\\/loicnomadtravel.blog\\\/2025\\\/11\\\/23\\\/le-palais-au-toit-de-cuivre-le-tresor-meconnu-de-varsovie\\\/#primaryimage\"},\"thumbnailUrl\":\"https:\\\/\\\/i0.wp.com\\\/loicnomadtravel.blog\\\/wp-content\\\/uploads\\\/2025\\\/11\\\/P1090231-e1764667732230.jpg?fit=1920%2C1079&ssl=1\",\"datePublished\":\"2025-11-23T14:42:07+00:00\",\"dateModified\":\"2025-11-30T18:33:02+00:00\",\"description\":\"Le Palais au Toit de Cuivre : Le tr\u00e9sor m\u00e9connu de Varsovie - Si tout le monde conna\u00eet l'imposant Ch\u00e2teau Royal de Varsovie, peu de visiteurs prennent le temps de descendre quelques marches pour d\u00e9couvrir son voisin imm\u00e9diat\",\"breadcrumb\":{\"@id\":\"https:\\\/\\\/loicnomadtravel.blog\\\/2025\\\/11\\\/23\\\/le-palais-au-toit-de-cuivre-le-tresor-meconnu-de-varsovie\\\/#breadcrumb\"},\"inLanguage\":\"en-GB\",\"potentialAction\":[{\"@type\":\"ReadAction\",\"target\":[\"https:\\\/\\\/loicnomadtravel.blog\\\/2025\\\/11\\\/23\\\/le-palais-au-toit-de-cuivre-le-tresor-meconnu-de-varsovie\\\/\"]}]},{\"@type\":\"ImageObject\",\"inLanguage\":\"en-GB\",\"@id\":\"https:\\\/\\\/loicnomadtravel.blog\\\/2025\\\/11\\\/23\\\/le-palais-au-toit-de-cuivre-le-tresor-meconnu-de-varsovie\\\/#primaryimage\",\"url\":\"https:\\\/\\\/i0.wp.com\\\/loicnomadtravel.blog\\\/wp-content\\\/uploads\\\/2025\\\/11\\\/P1090231-e1764667732230.jpg?fit=1920%2C1079&ssl=1\",\"contentUrl\":\"https:\\\/\\\/i0.wp.com\\\/loicnomadtravel.blog\\\/wp-content\\\/uploads\\\/2025\\\/11\\\/P1090231-e1764667732230.jpg?fit=1920%2C1079&ssl=1\",\"width\":1920,\"height\":1079,\"caption\":\"Chambre du prince\"},{\"@type\":\"BreadcrumbList\",\"@id\":\"https:\\\/\\\/loicnomadtravel.blog\\\/2025\\\/11\\\/23\\\/le-palais-au-toit-de-cuivre-le-tresor-meconnu-de-varsovie\\\/#breadcrumb\",\"itemListElement\":[{\"@type\":\"ListItem\",\"position\":1,\"name\":\"Accueil\",\"item\":\"https:\\\/\\\/loicnomadtravel.blog\\\/\"},{\"@type\":\"ListItem\",\"position\":2,\"name\":\"Le Palais au Toit de Cuivre : Le tr\u00e9sor m\u00e9connu de Varsovie\"}]},{\"@type\":\"WebSite\",\"@id\":\"https:\\\/\\\/loicnomadtravel.blog\\\/#website\",\"url\":\"https:\\\/\\\/loicnomadtravel.blog\\\/\",\"name\":\"Les Carnets de Loic\",\"description\":\"Bienvenue sur Les Carnets de Loic : Votre guide pour des Voyages Culturels riches en Histoire et D\u00e9couvertes\",\"publisher\":{\"@id\":\"https:\\\/\\\/loicnomadtravel.blog\\\/#\\\/schema\\\/person\\\/68cda4afdea5408f102eceaaf524e7c5\"},\"potentialAction\":[{\"@type\":\"SearchAction\",\"target\":{\"@type\":\"EntryPoint\",\"urlTemplate\":\"https:\\\/\\\/loicnomadtravel.blog\\\/?s={search_term_string}\"},\"query-input\":{\"@type\":\"PropertyValueSpecification\",\"valueRequired\":true,\"valueName\":\"search_term_string\"}}],\"inLanguage\":\"en-GB\"},{\"@type\":[\"Person\",\"Organization\"],\"@id\":\"https:\\\/\\\/loicnomadtravel.blog\\\/#\\\/schema\\\/person\\\/68cda4afdea5408f102eceaaf524e7c5\",\"name\":\"loic renoud-grappin\",\"image\":{\"@type\":\"ImageObject\",\"inLanguage\":\"en-GB\",\"@id\":\"https:\\\/\\\/i0.wp.com\\\/loicnomadtravel.blog\\\/wp-content\\\/uploads\\\/2025\\\/11\\\/Gemini_Generated_Image_yoyja3yoyja3yoyj.png?fit=1024%2C1024&ssl=1\",\"url\":\"https:\\\/\\\/i0.wp.com\\\/loicnomadtravel.blog\\\/wp-content\\\/uploads\\\/2025\\\/11\\\/Gemini_Generated_Image_yoyja3yoyja3yoyj.png?fit=1024%2C1024&ssl=1\",\"contentUrl\":\"https:\\\/\\\/i0.wp.com\\\/loicnomadtravel.blog\\\/wp-content\\\/uploads\\\/2025\\\/11\\\/Gemini_Generated_Image_yoyja3yoyja3yoyj.png?fit=1024%2C1024&ssl=1\",\"width\":1024,\"height\":1024,\"caption\":\"loic renoud-grappin\"},\"logo\":{\"@id\":\"https:\\\/\\\/i0.wp.com\\\/loicnomadtravel.blog\\\/wp-content\\\/uploads\\\/2025\\\/11\\\/Gemini_Generated_Image_yoyja3yoyja3yoyj.png?fit=1024%2C1024&ssl=1\"},\"sameAs\":[\"http:\\\/\\\/loicrg69-ocymi.wordpress.com\",\"https:\\\/\\\/www.instagram.com\\\/bensisko86\\\/\"],\"url\":\"https:\\\/\\\/loicnomadtravel.blog\\\/en\\\/author\\\/loicrg69\\\/\"}]}<\/script>\n<!-- \/ Yoast SEO plugin. -->","yoast_head_json":{"title":"Le Palais au Toit de Cuivre : Le tr\u00e9sor m\u00e9connu de Varsovie - Les Carnets de Loic","description":"Le Palais au Toit de Cuivre : Le tr\u00e9sor m\u00e9connu de Varsovie - Si tout le monde conna\u00eet l'imposant Ch\u00e2teau Royal de Varsovie, peu de visiteurs prennent le temps de descendre quelques marches pour d\u00e9couvrir son voisin imm\u00e9diat","robots":{"index":"index","follow":"follow","max-snippet":"max-snippet:-1","max-image-preview":"max-image-preview:large","max-video-preview":"max-video-preview:-1"},"canonical":"https:\/\/loicnomadtravel.blog\/en\/2025\/11\/23\/le-palais-au-toit-de-cuivre-le-tresor-meconnu-de-varsovie\/","og_locale":"en_GB","og_type":"article","og_title":"Le Palais au Toit de Cuivre : Le tr\u00e9sor m\u00e9connu de Varsovie - Les Carnets de Loic","og_description":"Le Palais au Toit de Cuivre : Le tr\u00e9sor m\u00e9connu de Varsovie - Si tout le monde conna\u00eet l'imposant Ch\u00e2teau Royal de Varsovie, peu de visiteurs prennent le temps de descendre quelques marches pour d\u00e9couvrir son voisin imm\u00e9diat","og_url":"https:\/\/loicnomadtravel.blog\/en\/2025\/11\/23\/le-palais-au-toit-de-cuivre-le-tresor-meconnu-de-varsovie\/","og_site_name":"Les Carnets de Loic","article_published_time":"2025-11-23T14:42:07+00:00","article_modified_time":"2025-11-30T18:33:02+00:00","og_image":[{"width":1024,"height":575,"url":"https:\/\/loicnomadtravel.blog\/wp-content\/uploads\/2025\/11\/P1090231-1024x575.jpg","type":"image\/jpeg"}],"author":"loic renoud-grappin","twitter_card":"summary_large_image","twitter_misc":{"Written by":"loic renoud-grappin","Estimated reading time":"5 minutes"},"schema":{"@context":"https:\/\/schema.org","@graph":[{"@type":"Article","@id":"https:\/\/loicnomadtravel.blog\/2025\/11\/23\/le-palais-au-toit-de-cuivre-le-tresor-meconnu-de-varsovie\/#article","isPartOf":{"@id":"https:\/\/loicnomadtravel.blog\/2025\/11\/23\/le-palais-au-toit-de-cuivre-le-tresor-meconnu-de-varsovie\/"},"author":{"name":"loic renoud-grappin","@id":"https:\/\/loicnomadtravel.blog\/#\/schema\/person\/68cda4afdea5408f102eceaaf524e7c5"},"headline":"Le Palais au Toit de Cuivre : Le tr\u00e9sor m\u00e9connu de Varsovie","datePublished":"2025-11-23T14:42:07+00:00","dateModified":"2025-11-30T18:33:02+00:00","mainEntityOfPage":{"@id":"https:\/\/loicnomadtravel.blog\/2025\/11\/23\/le-palais-au-toit-de-cuivre-le-tresor-meconnu-de-varsovie\/"},"wordCount":939,"commentCount":0,"publisher":{"@id":"https:\/\/loicnomadtravel.blog\/#\/schema\/person\/68cda4afdea5408f102eceaaf524e7c5"},"image":{"@id":"https:\/\/loicnomadtravel.blog\/2025\/11\/23\/le-palais-au-toit-de-cuivre-le-tresor-meconnu-de-varsovie\/#primaryimage"},"thumbnailUrl":"https:\/\/i0.wp.com\/loicnomadtravel.blog\/wp-content\/uploads\/2025\/11\/P1090231-e1764667732230.jpg?fit=1920%2C1079&ssl=1","articleSection":["Varsovie"],"inLanguage":"en-GB","potentialAction":[{"@type":"CommentAction","name":"Comment","target":["https:\/\/loicnomadtravel.blog\/2025\/11\/23\/le-palais-au-toit-de-cuivre-le-tresor-meconnu-de-varsovie\/#respond"]}]},{"@type":"WebPage","@id":"https:\/\/loicnomadtravel.blog\/2025\/11\/23\/le-palais-au-toit-de-cuivre-le-tresor-meconnu-de-varsovie\/","url":"https:\/\/loicnomadtravel.blog\/2025\/11\/23\/le-palais-au-toit-de-cuivre-le-tresor-meconnu-de-varsovie\/","name":"Le Palais au Toit de Cuivre : Le tr\u00e9sor m\u00e9connu de Varsovie - Les Carnets de Loic","isPartOf":{"@id":"https:\/\/loicnomadtravel.blog\/#website"},"primaryImageOfPage":{"@id":"https:\/\/loicnomadtravel.blog\/2025\/11\/23\/le-palais-au-toit-de-cuivre-le-tresor-meconnu-de-varsovie\/#primaryimage"},"image":{"@id":"https:\/\/loicnomadtravel.blog\/2025\/11\/23\/le-palais-au-toit-de-cuivre-le-tresor-meconnu-de-varsovie\/#primaryimage"},"thumbnailUrl":"https:\/\/i0.wp.com\/loicnomadtravel.blog\/wp-content\/uploads\/2025\/11\/P1090231-e1764667732230.jpg?fit=1920%2C1079&ssl=1","datePublished":"2025-11-23T14:42:07+00:00","dateModified":"2025-11-30T18:33:02+00:00","description":"Le Palais au Toit de Cuivre : Le tr\u00e9sor m\u00e9connu de Varsovie - Si tout le monde conna\u00eet l'imposant Ch\u00e2teau Royal de Varsovie, peu de visiteurs prennent le temps de descendre quelques marches pour d\u00e9couvrir son voisin imm\u00e9diat","breadcrumb":{"@id":"https:\/\/loicnomadtravel.blog\/2025\/11\/23\/le-palais-au-toit-de-cuivre-le-tresor-meconnu-de-varsovie\/#breadcrumb"},"inLanguage":"en-GB","potentialAction":[{"@type":"ReadAction","target":["https:\/\/loicnomadtravel.blog\/2025\/11\/23\/le-palais-au-toit-de-cuivre-le-tresor-meconnu-de-varsovie\/"]}]},{"@type":"ImageObject","inLanguage":"en-GB","@id":"https:\/\/loicnomadtravel.blog\/2025\/11\/23\/le-palais-au-toit-de-cuivre-le-tresor-meconnu-de-varsovie\/#primaryimage","url":"https:\/\/i0.wp.com\/loicnomadtravel.blog\/wp-content\/uploads\/2025\/11\/P1090231-e1764667732230.jpg?fit=1920%2C1079&ssl=1","contentUrl":"https:\/\/i0.wp.com\/loicnomadtravel.blog\/wp-content\/uploads\/2025\/11\/P1090231-e1764667732230.jpg?fit=1920%2C1079&ssl=1","width":1920,"height":1079,"caption":"Chambre du prince"},{"@type":"BreadcrumbList","@id":"https:\/\/loicnomadtravel.blog\/2025\/11\/23\/le-palais-au-toit-de-cuivre-le-tresor-meconnu-de-varsovie\/#breadcrumb","itemListElement":[{"@type":"ListItem","position":1,"name":"Accueil","item":"https:\/\/loicnomadtravel.blog\/"},{"@type":"ListItem","position":2,"name":"Le Palais au Toit de Cuivre : Le tr\u00e9sor m\u00e9connu de Varsovie"}]},{"@type":"WebSite","@id":"https:\/\/loicnomadtravel.blog\/#website","url":"https:\/\/loicnomadtravel.blog\/","name":"Loic's Notebooks","description":"Bienvenue sur Les Carnets de Loic : Votre guide pour des Voyages Culturels riches en Histoire et D\u00e9couvertes","publisher":{"@id":"https:\/\/loicnomadtravel.blog\/#\/schema\/person\/68cda4afdea5408f102eceaaf524e7c5"},"potentialAction":[{"@type":"SearchAction","target":{"@type":"EntryPoint","urlTemplate":"https:\/\/loicnomadtravel.blog\/?s={search_term_string}"},"query-input":{"@type":"PropertyValueSpecification","valueRequired":true,"valueName":"search_term_string"}}],"inLanguage":"en-GB"},{"@type":["Person","Organization"],"@id":"https:\/\/loicnomadtravel.blog\/#\/schema\/person\/68cda4afdea5408f102eceaaf524e7c5","name":"loic renoud-grappin","image":{"@type":"ImageObject","inLanguage":"en-GB","@id":"https:\/\/i0.wp.com\/loicnomadtravel.blog\/wp-content\/uploads\/2025\/11\/Gemini_Generated_Image_yoyja3yoyja3yoyj.png?fit=1024%2C1024&ssl=1","url":"https:\/\/i0.wp.com\/loicnomadtravel.blog\/wp-content\/uploads\/2025\/11\/Gemini_Generated_Image_yoyja3yoyja3yoyj.png?fit=1024%2C1024&ssl=1","contentUrl":"https:\/\/i0.wp.com\/loicnomadtravel.blog\/wp-content\/uploads\/2025\/11\/Gemini_Generated_Image_yoyja3yoyja3yoyj.png?fit=1024%2C1024&ssl=1","width":1024,"height":1024,"caption":"loic renoud-grappin"},"logo":{"@id":"https:\/\/i0.wp.com\/loicnomadtravel.blog\/wp-content\/uploads\/2025\/11\/Gemini_Generated_Image_yoyja3yoyja3yoyj.png?fit=1024%2C1024&ssl=1"},"sameAs":["http:\/\/loicrg69-ocymi.wordpress.com","https:\/\/www.instagram.com\/bensisko86\/"],"url":"https:\/\/loicnomadtravel.blog\/en\/author\/loicrg69\/"}]}},"author_meta":{"display_name":"loic renoud-grappin","author_link":"https:\/\/loicnomadtravel.blog\/en\/author\/loicrg69\/"},"featured_img":"https:\/\/i0.wp.com\/loicnomadtravel.blog\/wp-content\/uploads\/2025\/11\/P1090231-e1764667732230.jpg?fit=300%2C169&ssl=1","jetpack_publicize_connections":[],"jetpack_featured_media_url":"https:\/\/i0.wp.com\/loicnomadtravel.blog\/wp-content\/uploads\/2025\/11\/P1090231-e1764667732230.jpg?fit=1920%2C1079&ssl=1","coauthors":[],"tax_additional":{"categories":{"linked":["<a href=\"https:\/\/loicnomadtravel.blog\/en\/category\/varsovie\/\" class=\"advgb-post-tax-term\">Varsovie<\/a>"],"unlinked":["<span class=\"advgb-post-tax-term\">Varsovie<\/span>"]}},"comment_count":"0","relative_dates":{"created":"Posted 5 months ago","modified":"Updated 5 months ago"},"absolute_dates":{"created":"Posted on 23 November 2025","modified":"Updated on 30 November 2025"},"absolute_dates_time":{"created":"Posted on 23 November 2025 15:42","modified":"Updated on 30 November 2025 19:33"},"featured_img_caption":"Chambre du prince","series_order":"","jetpack_likes_enabled":true,"jetpack_sharing_enabled":true,"jetpack_shortlink":"https:\/\/wp.me\/pgWwci-2w","jetpack-related-posts":[{"id":220,"url":"https:\/\/loicnomadtravel.blog\/en\/2025\/11\/25\/a-varsovie-jardin-sur-le-toit-de-la-buw-visite-infos-et-vue-panoramique-gratuite\/","url_meta":{"origin":156,"position":0},"title":"Warsaw's BUW Rooftop Garden: Free Panoramic View","author":"loic renoud-grappin","date":"25 November 2025","format":false,"excerpt":"Ce n'est pas un simple espace vert : c'est l'un des plus grands jardins sur les toits d'Europe ! Cet endroit unique fusionne architecture moderne et nature, vous invitant \u00e0 une promenade bucolique au-dessus de la ville, entre ponts, cascades et parterres th\u00e9matiques.","rel":"","context":"In &quot;Varsovie&quot;","block_context":{"text":"Varsovie","link":"https:\/\/loicnomadtravel.blog\/en\/category\/varsovie\/"},"img":{"alt_text":"Jardin de la BUW","src":"https:\/\/i0.wp.com\/loicnomadtravel.blog\/wp-content\/uploads\/2025\/11\/P1050319-e1764667657187.jpg?fit=1200%2C674&ssl=1&resize=350%2C200","width":350,"height":200,"srcset":"https:\/\/i0.wp.com\/loicnomadtravel.blog\/wp-content\/uploads\/2025\/11\/P1050319-e1764667657187.jpg?fit=1200%2C674&ssl=1&resize=350%2C200 1x, https:\/\/i0.wp.com\/loicnomadtravel.blog\/wp-content\/uploads\/2025\/11\/P1050319-e1764667657187.jpg?fit=1200%2C674&ssl=1&resize=525%2C300 1.5x, https:\/\/i0.wp.com\/loicnomadtravel.blog\/wp-content\/uploads\/2025\/11\/P1050319-e1764667657187.jpg?fit=1200%2C674&ssl=1&resize=700%2C400 2x, https:\/\/i0.wp.com\/loicnomadtravel.blog\/wp-content\/uploads\/2025\/11\/P1050319-e1764667657187.jpg?fit=1200%2C674&ssl=1&resize=1050%2C600 3x"},"classes":[]},{"id":326,"url":"https:\/\/loicnomadtravel.blog\/en\/2025\/11\/30\/visiter-palais-wilanow-varsovie\/","url_meta":{"origin":156,"position":1},"title":"Visit Wilan\u00f3w Palace in Warsaw: The Guide to the \"Polish Versailles\"","author":"loic renoud-grappin","date":"30 November 2025","format":false,"excerpt":"Le Palais de Wilan\u00f3w, le \"Versailles Polonais\", est un incontournable \u00e0 Varsovie. Retrouvez mon guide complet pour visiter ce tr\u00e9sor baroque qui a surv\u00e9cu aux destructions de 1944.","rel":"","context":"In &quot;Varsovie&quot;","block_context":{"text":"Varsovie","link":"https:\/\/loicnomadtravel.blog\/en\/category\/varsovie\/"},"img":{"alt_text":"Palais de Wilanow a Varsovie","src":"https:\/\/i0.wp.com\/loicnomadtravel.blog\/wp-content\/uploads\/2025\/11\/P1100006-1-e1764667625878.jpg?fit=1200%2C800&ssl=1&resize=350%2C200","width":350,"height":200,"srcset":"https:\/\/i0.wp.com\/loicnomadtravel.blog\/wp-content\/uploads\/2025\/11\/P1100006-1-e1764667625878.jpg?fit=1200%2C800&ssl=1&resize=350%2C200 1x, https:\/\/i0.wp.com\/loicnomadtravel.blog\/wp-content\/uploads\/2025\/11\/P1100006-1-e1764667625878.jpg?fit=1200%2C800&ssl=1&resize=525%2C300 1.5x, https:\/\/i0.wp.com\/loicnomadtravel.blog\/wp-content\/uploads\/2025\/11\/P1100006-1-e1764667625878.jpg?fit=1200%2C800&ssl=1&resize=700%2C400 2x, https:\/\/i0.wp.com\/loicnomadtravel.blog\/wp-content\/uploads\/2025\/11\/P1100006-1-e1764667625878.jpg?fit=1200%2C800&ssl=1&resize=1050%2C600 3x"},"classes":[]},{"id":188,"url":"https:\/\/loicnomadtravel.blog\/en\/2025\/11\/24\/les-secrets-du-parc-lazienki-promenade-royale-a-varsovie-guide-complet\/","url_meta":{"origin":156,"position":2},"title":"The Secrets of \u0141azienki Park: A Royal Walk in Warsaw","author":"loic renoud-grappin","date":"24 November 2025","format":false,"excerpt":"Vous cherchez le plus bel endroit de Varsovie ? Plongez au c\u0153ur du Parc \u0141azienki, ses paons en libert\u00e9 et son incroyable Palais sur l'eau. De l'histoire du dernier Roi de Pologne aux meilleurs spots photo, voici votre guide complet pour une promenade royale. Inclus : la visite en vid\u00e9o\u2026","rel":"","context":"In &quot;Varsovie&quot;","block_context":{"text":"Varsovie","link":"https:\/\/loicnomadtravel.blog\/en\/category\/varsovie\/"},"img":{"alt_text":"Palais sur l'\u00eele du Parc \u0141azienki","src":"https:\/\/i0.wp.com\/loicnomadtravel.blog\/wp-content\/uploads\/2025\/11\/P1070874-e1764667688649.jpg?fit=1200%2C674&ssl=1&resize=350%2C200","width":350,"height":200,"srcset":"https:\/\/i0.wp.com\/loicnomadtravel.blog\/wp-content\/uploads\/2025\/11\/P1070874-e1764667688649.jpg?fit=1200%2C674&ssl=1&resize=350%2C200 1x, https:\/\/i0.wp.com\/loicnomadtravel.blog\/wp-content\/uploads\/2025\/11\/P1070874-e1764667688649.jpg?fit=1200%2C674&ssl=1&resize=525%2C300 1.5x, https:\/\/i0.wp.com\/loicnomadtravel.blog\/wp-content\/uploads\/2025\/11\/P1070874-e1764667688649.jpg?fit=1200%2C674&ssl=1&resize=700%2C400 2x, https:\/\/i0.wp.com\/loicnomadtravel.blog\/wp-content\/uploads\/2025\/11\/P1070874-e1764667688649.jpg?fit=1200%2C674&ssl=1&resize=1050%2C600 3x"},"classes":[]},{"id":370,"url":"https:\/\/loicnomadtravel.blog\/en\/2025\/12\/04\/visite-chateau-malbork-pologne\/","url_meta":{"origin":156,"position":3},"title":"Malbork: The Largest Castle in the World and the Teutonic Knights","author":"loic renoud-grappin","date":"4 December 2025","format":false,"excerpt":"Visitez Malbork, le plus grand ch\u00e2teau du monde ! D\u00e9couvrez l'histoire des Chevaliers Teutoniques et mes conseils pratiques.","rel":"","context":"In &quot;Malbork&quot;","block_context":{"text":"Malbork","link":"https:\/\/loicnomadtravel.blog\/en\/category\/malbork\/"},"img":{"alt_text":"Facade du Chateau Malbork","src":"https:\/\/i0.wp.com\/loicnomadtravel.blog\/wp-content\/uploads\/2025\/12\/P1050590-e1764865905336.jpg?fit=1000%2C562&ssl=1&resize=350%2C200","width":350,"height":200,"srcset":"https:\/\/i0.wp.com\/loicnomadtravel.blog\/wp-content\/uploads\/2025\/12\/P1050590-e1764865905336.jpg?fit=1000%2C562&ssl=1&resize=350%2C200 1x, https:\/\/i0.wp.com\/loicnomadtravel.blog\/wp-content\/uploads\/2025\/12\/P1050590-e1764865905336.jpg?fit=1000%2C562&ssl=1&resize=525%2C300 1.5x, https:\/\/i0.wp.com\/loicnomadtravel.blog\/wp-content\/uploads\/2025\/12\/P1050590-e1764865905336.jpg?fit=1000%2C562&ssl=1&resize=700%2C400 2x"},"classes":[]},{"id":348,"url":"https:\/\/loicnomadtravel.blog\/en\/2025\/12\/01\/majdanek-camp-concentration-lublin-visite\/","url_meta":{"origin":156,"position":4},"title":"Lublin, Poland: The duty to remember at Majdanek","author":"loic renoud-grappin","date":"1 December 2025","format":false,"excerpt":"Il existe des lieux o\u00f9 l'histoire ne se raconte pas, elle se ressent. Le Camp de concentration et d'extermination de Majdanek, situ\u00e9 aux portes de la ville polonaise de Lublin","rel":"","context":"In &quot;Lublin&quot;","block_context":{"text":"Lublin","link":"https:\/\/loicnomadtravel.blog\/en\/category\/lublin\/"},"img":{"alt_text":"L'imposant Mausol\u00e9e de Majdanek, contenant les cendres des victimes du camp de concentration, sous un ciel bleu.","src":"https:\/\/i0.wp.com\/loicnomadtravel.blog\/wp-content\/uploads\/2025\/12\/P1040471-e1764667547799.jpg?fit=1200%2C674&ssl=1&resize=350%2C200","width":350,"height":200,"srcset":"https:\/\/i0.wp.com\/loicnomadtravel.blog\/wp-content\/uploads\/2025\/12\/P1040471-e1764667547799.jpg?fit=1200%2C674&ssl=1&resize=350%2C200 1x, https:\/\/i0.wp.com\/loicnomadtravel.blog\/wp-content\/uploads\/2025\/12\/P1040471-e1764667547799.jpg?fit=1200%2C674&ssl=1&resize=525%2C300 1.5x, https:\/\/i0.wp.com\/loicnomadtravel.blog\/wp-content\/uploads\/2025\/12\/P1040471-e1764667547799.jpg?fit=1200%2C674&ssl=1&resize=700%2C400 2x, https:\/\/i0.wp.com\/loicnomadtravel.blog\/wp-content\/uploads\/2025\/12\/P1040471-e1764667547799.jpg?fit=1200%2C674&ssl=1&resize=1050%2C600 3x"},"classes":[]},{"id":3,"url":"https:\/\/loicnomadtravel.blog\/en\/2025\/11\/21\/zuraw-de-gdansk\/","url_meta":{"origin":156,"position":5},"title":"Gda\u0144sk: Visit the \u017buraw, the iconic Medieval Crane","author":"loic renoud-grappin","date":"21 November 2025","format":false,"excerpt":"Cet article, tir\u00e9 de mes Carnets de Loic, vous plonge dans le pass\u00e9 fascinant du \u017buraw. On va d\u00e9crypter son double r\u00f4le, comprendre son m\u00e9canisme secret et d\u00e9couvrir pourquoi il est un incontournable absolu de votre voyage culturel en Pologne.","rel":"","context":"In &quot;Gda\u0144sk&quot;","block_context":{"text":"Gda\u0144sk","link":"https:\/\/loicnomadtravel.blog\/en\/category\/gdansk\/"},"img":{"alt_text":"photo du \u017buraw de Gda\u0144sk","src":"https:\/\/i0.wp.com\/loicnomadtravel.blog\/wp-content\/uploads\/2025\/11\/zuraw-de-gdansk.png?fit=1200%2C686&ssl=1&resize=350%2C200","width":350,"height":200,"srcset":"https:\/\/i0.wp.com\/loicnomadtravel.blog\/wp-content\/uploads\/2025\/11\/zuraw-de-gdansk.png?fit=1200%2C686&ssl=1&resize=350%2C200 1x, https:\/\/i0.wp.com\/loicnomadtravel.blog\/wp-content\/uploads\/2025\/11\/zuraw-de-gdansk.png?fit=1200%2C686&ssl=1&resize=525%2C300 1.5x, https:\/\/i0.wp.com\/loicnomadtravel.blog\/wp-content\/uploads\/2025\/11\/zuraw-de-gdansk.png?fit=1200%2C686&ssl=1&resize=700%2C400 2x, https:\/\/i0.wp.com\/loicnomadtravel.blog\/wp-content\/uploads\/2025\/11\/zuraw-de-gdansk.png?fit=1200%2C686&ssl=1&resize=1050%2C600 3x"},"classes":[]}],"_links":{"self":[{"href":"https:\/\/loicnomadtravel.blog\/en\/wp-json\/wp\/v2\/posts\/156","targetHints":{"allow":["GET"]}}],"collection":[{"href":"https:\/\/loicnomadtravel.blog\/en\/wp-json\/wp\/v2\/posts"}],"about":[{"href":"https:\/\/loicnomadtravel.blog\/en\/wp-json\/wp\/v2\/types\/post"}],"author":[{"embeddable":true,"href":"https:\/\/loicnomadtravel.blog\/en\/wp-json\/wp\/v2\/users\/274133054"}],"replies":[{"embeddable":true,"href":"https:\/\/loicnomadtravel.blog\/en\/wp-json\/wp\/v2\/comments?post=156"}],"version-history":[{"count":18,"href":"https:\/\/loicnomadtravel.blog\/en\/wp-json\/wp\/v2\/posts\/156\/revisions"}],"predecessor-version":[{"id":345,"href":"https:\/\/loicnomadtravel.blog\/en\/wp-json\/wp\/v2\/posts\/156\/revisions\/345"}],"wp:featuredmedia":[{"embeddable":true,"href":"https:\/\/loicnomadtravel.blog\/en\/wp-json\/wp\/v2\/media\/167"}],"wp:attachment":[{"href":"https:\/\/loicnomadtravel.blog\/en\/wp-json\/wp\/v2\/media?parent=156"}],"wp:term":[{"taxonomy":"category","embeddable":true,"href":"https:\/\/loicnomadtravel.blog\/en\/wp-json\/wp\/v2\/categories?post=156"},{"taxonomy":"post_tag","embeddable":true,"href":"https:\/\/loicnomadtravel.blog\/en\/wp-json\/wp\/v2\/tags?post=156"}],"curies":[{"name":"wp","href":"https:\/\/api.w.org\/{rel}","templated":true}]}}